{"id":714,"date":"2011-02-01T00:51:44","date_gmt":"2011-02-01T03:51:44","guid":{"rendered":"https:\/\/www.kwell.net\/kwell_blog\/?p=714"},"modified":"2011-01-29T21:54:28","modified_gmt":"2011-01-30T00:54:28","slug":"el-pp-quiere-que-los-datos-de-los-espanoles-esten-en-servidores-de-espana","status":"publish","type":"post","link":"https:\/\/www.kwell.net\/kwell_blog\/?p=714","title":{"rendered":"El PP quiere que los datos de los espa\u00f1oles est\u00e9n en servidores de Espa\u00f1a"},"content":{"rendered":"<div>\n<div>\n<div>\n<p>El Partido Popular se muestra partidario de que los datos privados de los ciudadanos espa\u00f1oles se mantengan en servidores nacionales y no salgan al extranjero, seg\u00fan ha apuntado hoy en Valencia el vicesecretario de Comunicaci\u00f3n del PP, Esteban Gonz\u00e1lez Pons. El dirigente popular, que ha presidido una reuni\u00f3n de responsables de nuevas tecnolog\u00edas del PP de todas las comunidades aut\u00f3nomas para preparar la pr\u00f3xima convenci\u00f3n del partido en Sevilla en esta materia, ha defendido esta postura ante el debate surgido sobre la ubicaci\u00f3n de los datos en la computaci\u00f3n en la nube (&#8220;cloud computing&#8221;).<!--more--><\/p>\n<\/div>\n<\/div>\n<\/div>\n<p>A su juicio, &#8220;Espa\u00f1a debe considerar los datos sobre los espa\u00f1oles como parte del territorio nacional&#8221; y &#8220;no se debe consentir que se transfieran fuera&#8221;, porque seg\u00fan ha dicho, &#8220;un pa\u00eds cuyos datos se encuentran en el extranjero no ser\u00e1 due\u00f1o de su propia soberan\u00eda&#8221;. De esta forma se ha referido a los datos personales volcados voluntarimente en redes sociales con servidores en pa\u00edses como Estados Unidos y que &#8220;se pierden para el ciudadano espa\u00f1ol&#8221;. &#8220;Los datos oficiales deber\u00edan estar todos en servidores espa\u00f1oles, los que se refieren a nuestra intimidad, salud, educaci\u00f3n y no salir nunca de los servidores de nuestro pa\u00eds&#8221;, ha insistido.<\/p>\n<p>Gonz\u00e1lez Pons se ha referido a este debate despu\u00e9s de enumerar los principios del &#8220;Manifiesto de Valencia&#8221; sobre los derechos de Internet que &#8220;fija&#8221; la postura del PP en esta materia y cuyo borrador han redactado hoy para ser aprobado en breve. Entre ellos, ha destacado la necesidad de encontrar &#8220;un equilibrio&#8221; entre la defensa de los derechos de autor y del acceso libre a la cultura, y ha defendido la b\u00fasqueda de &#8220;f\u00f3rmulas&#8221; que permitan a los autores &#8220;ver sus justos derechos reconocidos sin impedir que todo el mundo pueda acceder en igualdad de condiciones a la cultura&#8221;.<\/p>\n<p>Adem\u00e1s, el PP apuesta por la &#8220;transparencia&#8221; como &#8220;derecho irrenunciable&#8221; para que los ciudadanos puedan saber &#8220;los mismos secretos&#8221; de la Administraci\u00f3n que \u00e9sta conoce de ellos, as\u00ed como por que la libertad de expresi\u00f3n sea igual de &#8220;sagrada&#8221; en Internet que fuera de la red. El Manifiesto tambi\u00e9n defiende el principio de que Internet es &#8220;una oportunidad para facilitar que haya m\u00e1s democracia&#8221; y que hay que garantizar el derecho de acceso universal a la red, adem\u00e1s de adoptar medidas legislaivas para &#8220;asegurar la tarifa plana&#8221; como una &#8220;conquista&#8221; a la que el usuario no pude renunciar. Igualmente plantea que se precisa que &#8220;la seguridad y la circulaci\u00f3n en Internet sea igual de importante que en la calle&#8221;, aboga por medidas legislativas que permitan un control judicial efectivo sobre tecnolog\u00edas &#8220;invasivas&#8221; de la intimidad y propugna que &#8220;todo el mundo tenga derecho a la dignidad y a la reputaci\u00f3n&#8221; en la red.<\/p>\n<p>En ese sentido, ha se\u00f1alado que las leyes que protegen de la intromisi\u00f3n en tel\u00e9fonos m\u00f3viles son &#8220;anticuadas&#8221; y se remontan &#8220;a la \u00e9poca en que las cabinas de tel\u00e9fonos funcionaban con fichas&#8221; mientras que los dispositivos m\u00f3viles son de \u00faltima generaci\u00f3n.<\/p>\n<p>Fuente: El Pa\u00eds<\/p>\n<div class=\"sharedaddy sd-sharing-enabled\"><div class=\"robots-nocontent sd-block sd-social sd-social-icon-text sd-sharing\"><h3 class=\"sd-title\">Comparte esto:<\/h3><div class=\"sd-content\"><ul><li class=\"share-facebook\"><a rel=\"nofollow noopener noreferrer\" data-shared=\"sharing-facebook-714\" class=\"share-facebook sd-button share-icon\" href=\"https:\/\/www.kwell.net\/kwell_blog\/?p=714&amp;share=facebook\" target=\"_blank\" title=\"Haz clic para compartir en Facebook\" ><span>Facebook<\/span><\/a><\/li><li class=\"share-twitter\"><a rel=\"nofollow noopener noreferrer\" data-shared=\"sharing-twitter-714\" class=\"share-twitter sd-button share-icon\" href=\"https:\/\/www.kwell.net\/kwell_blog\/?p=714&amp;share=twitter\" target=\"_blank\" title=\"Haz clic para compartir en Twitter\" ><span>Twitter<\/span><\/a><\/li><li class=\"share-email\"><a rel=\"nofollow noopener noreferrer\" data-shared=\"\" class=\"share-email sd-button share-icon\" href=\"mailto:?subject=%5BEntrada%20compartida%5D%20El%20PP%20quiere%20que%20los%20datos%20de%20los%20espa%C3%B1oles%20est%C3%A9n%20en%20servidores%20de%20Espa%C3%B1a&body=https%3A%2F%2Fwww.kwell.net%2Fkwell_blog%2F%3Fp%3D714&share=email\" target=\"_blank\" title=\"Haz clic para enviar un enlace por correo electr\u00f3nico a un amigo\" data-email-share-error-title=\"\u00bfTienes un correo electr\u00f3nico configurado?\" data-email-share-error-text=\"Si tienes problemas al compartir por correo electr\u00f3nico, es posible que sea porque no tengas un correo electr\u00f3nico configurado en tu navegador. Puede que tengas que crear un nuevo correo electr\u00f3nico t\u00fa mismo.\" data-email-share-nonce=\"f504ad4481\" data-email-share-track-url=\"https:\/\/www.kwell.net\/kwell_blog\/?p=714&amp;share=email\"><span>Correo electr\u00f3nico<\/span><\/a><\/li><li class=\"share-jetpack-whatsapp\"><a rel=\"nofollow noopener noreferrer\" data-shared=\"\" class=\"share-jetpack-whatsapp sd-button share-icon\" href=\"https:\/\/www.kwell.net\/kwell_blog\/?p=714&amp;share=jetpack-whatsapp\" target=\"_blank\" title=\"Haz clic para compartir en WhatsApp\" ><span>WhatsApp<\/span><\/a><\/li><li class=\"share-skype\"><a rel=\"nofollow noopener noreferrer\" data-shared=\"sharing-skype-714\" class=\"share-skype sd-button share-icon\" href=\"https:\/\/www.kwell.net\/kwell_blog\/?p=714&amp;share=skype\" target=\"_blank\" title=\"Haz clic para compartir en Skype\" ><span>Skype<\/span><\/a><\/li><li class=\"share-print\"><a rel=\"nofollow noopener noreferrer\" data-shared=\"\" class=\"share-print sd-button share-icon\" href=\"https:\/\/www.kwell.net\/kwell_blog\/?p=714\" target=\"_blank\" title=\"Haz clic para imprimir\" ><span>Imprimir<\/span><\/a><\/li><li class=\"share-linkedin\"><a rel=\"nofollow noopener noreferrer\" data-shared=\"sharing-linkedin-714\" class=\"share-linkedin sd-button share-icon\" href=\"https:\/\/www.kwell.net\/kwell_blog\/?p=714&amp;share=linkedin\" target=\"_blank\" title=\"Haz clic para compartir en LinkedIn\" ><span>LinkedIn<\/span><\/a><\/li><li class=\"share-end\"><\/li><\/ul><\/div><\/div><\/div>","protected":false},"excerpt":{"rendered":"<p>El Partido Popular se muestra partidario de que los datos privados de los ciudadanos espa\u00f1oles se mantengan en servidores nacionales y no salgan al extranjero, seg\u00fan ha apuntado hoy en Valencia el vicesecretario de Comunicaci\u00f3n del PP, Esteban Gonz\u00e1lez Pons. El dirigente popular, que ha presidido una reuni\u00f3n de responsables de nuevas tecnolog\u00edas del PP &hellip;<br \/><a href=\"https:\/\/www.kwell.net\/kwell_blog\/?p=714\">Read more <span class=\"meta-nav\">&rarr;<\/span><\/a><\/p>\n<div class=\"sharedaddy sd-sharing-enabled\"><div class=\"robots-nocontent sd-block sd-social sd-social-icon-text sd-sharing\"><h3 class=\"sd-title\">Comparte esto:<\/h3><div class=\"sd-content\"><ul><li class=\"share-facebook\"><a rel=\"nofollow noopener noreferrer\" data-shared=\"sharing-facebook-714\" class=\"share-facebook sd-button share-icon\" href=\"https:\/\/www.kwell.net\/kwell_blog\/?p=714&amp;share=facebook\" target=\"_blank\" title=\"Haz clic para compartir en Facebook\" ><span>Facebook<\/span><\/a><\/li><li class=\"share-twitter\"><a rel=\"nofollow noopener noreferrer\" data-shared=\"sharing-twitter-714\" class=\"share-twitter sd-button share-icon\" href=\"https:\/\/www.kwell.net\/kwell_blog\/?p=714&amp;share=twitter\" target=\"_blank\" title=\"Haz clic para compartir en Twitter\" ><span>Twitter<\/span><\/a><\/li><li class=\"share-email\"><a rel=\"nofollow noopener noreferrer\" data-shared=\"\" class=\"share-email sd-button share-icon\" href=\"mailto:?subject=%5BEntrada%20compartida%5D%20El%20PP%20quiere%20que%20los%20datos%20de%20los%20espa%C3%B1oles%20est%C3%A9n%20en%20servidores%20de%20Espa%C3%B1a&body=https%3A%2F%2Fwww.kwell.net%2Fkwell_blog%2F%3Fp%3D714&share=email\" target=\"_blank\" title=\"Haz clic para enviar un enlace por correo electr\u00f3nico a un amigo\" data-email-share-error-title=\"\u00bfTienes un correo electr\u00f3nico configurado?\" data-email-share-error-text=\"Si tienes problemas al compartir por correo electr\u00f3nico, es posible que sea porque no tengas un correo electr\u00f3nico configurado en tu navegador. Puede que tengas que crear un nuevo correo electr\u00f3nico t\u00fa mismo.\" data-email-share-nonce=\"f504ad4481\" data-email-share-track-url=\"https:\/\/www.kwell.net\/kwell_blog\/?p=714&amp;share=email\"><span>Correo electr\u00f3nico<\/span><\/a><\/li><li class=\"share-jetpack-whatsapp\"><a rel=\"nofollow noopener noreferrer\" data-shared=\"\" class=\"share-jetpack-whatsapp sd-button share-icon\" href=\"https:\/\/www.kwell.net\/kwell_blog\/?p=714&amp;share=jetpack-whatsapp\" target=\"_blank\" title=\"Haz clic para compartir en WhatsApp\" ><span>WhatsApp<\/span><\/a><\/li><li class=\"share-skype\"><a rel=\"nofollow noopener noreferrer\" data-shared=\"sharing-skype-714\" class=\"share-skype sd-button share-icon\" href=\"https:\/\/www.kwell.net\/kwell_blog\/?p=714&amp;share=skype\" target=\"_blank\" title=\"Haz clic para compartir en Skype\" ><span>Skype<\/span><\/a><\/li><li class=\"share-print\"><a rel=\"nofollow noopener noreferrer\" data-shared=\"\" class=\"share-print sd-button share-icon\" href=\"https:\/\/www.kwell.net\/kwell_blog\/?p=714\" target=\"_blank\" title=\"Haz clic para imprimir\" ><span>Imprimir<\/span><\/a><\/li><li class=\"share-linkedin\"><a rel=\"nofollow noopener noreferrer\" data-shared=\"sharing-linkedin-714\" class=\"share-linkedin sd-button share-icon\" href=\"https:\/\/www.kwell.net\/kwell_blog\/?p=714&amp;share=linkedin\" target=\"_blank\" title=\"Haz clic para compartir en LinkedIn\" ><span>LinkedIn<\/span><\/a><\/li><li class=\"share-end\"><\/li><\/ul><\/div><\/div><\/div>","protected":false},"author":1,"featured_media":0,"comment_status":"open","ping_status":"open","sticky":false,"template":"","format":"standard","meta":{"jetpack_post_was_ever_published":false,"jetpack_publicize_message":"","jetpack_is_tweetstorm":false,"jetpack_publicize_feature_enabled":true},"categories":[1],"tags":[142,26,27],"jetpack_publicize_connections":[],"jetpack_featured_media_url":"","jetpack_sharing_enabled":true,"_links":{"self":[{"href":"https:\/\/www.kwell.net\/kwell_blog\/index.php?rest_route=\/wp\/v2\/posts\/714"}],"collection":[{"href":"https:\/\/www.kwell.net\/kwell_blog\/index.php?rest_route=\/wp\/v2\/posts"}],"about":[{"href":"https:\/\/www.kwell.net\/kwell_blog\/index.php?rest_route=\/wp\/v2\/types\/post"}],"author":[{"embeddable":true,"href":"https:\/\/www.kwell.net\/kwell_blog\/index.php?rest_route=\/wp\/v2\/users\/1"}],"replies":[{"embeddable":true,"href":"https:\/\/www.kwell.net\/kwell_blog\/index.php?rest_route=%2Fwp%2Fv2%2Fcomments&post=714"}],"version-history":[{"count":2,"href":"https:\/\/www.kwell.net\/kwell_blog\/index.php?rest_route=\/wp\/v2\/posts\/714\/revisions"}],"predecessor-version":[{"id":716,"href":"https:\/\/www.kwell.net\/kwell_blog\/index.php?rest_route=\/wp\/v2\/posts\/714\/revisions\/716"}],"wp:attachment":[{"href":"https:\/\/www.kwell.net\/kwell_blog\/index.php?rest_route=%2Fwp%2Fv2%2Fmedia&parent=714"}],"wp:term":[{"taxonomy":"category","embeddable":true,"href":"https:\/\/www.kwell.net\/kwell_blog\/index.php?rest_route=%2Fwp%2Fv2%2Fcategories&post=714"},{"taxonomy":"post_tag","embeddable":true,"href":"https:\/\/www.kwell.net\/kwell_blog\/index.php?rest_route=%2Fwp%2Fv2%2Ftags&post=714"}],"curies":[{"name":"wp","href":"https:\/\/api.w.org\/{rel}","templated":true}]}}