{"id":211,"date":"2010-09-17T21:34:54","date_gmt":"2010-09-18T00:34:54","guid":{"rendered":"https:\/\/www.kwell.net\/kwell_blog\/?p=211"},"modified":"2010-09-19T21:36:40","modified_gmt":"2010-09-20T00:36:40","slug":"hackeada-la-cuenta-de-twitter-del-ministerio-frances-de-asuntos-exteriores","status":"publish","type":"post","link":"https:\/\/www.kwell.net\/kwell_blog\/?p=211","title":{"rendered":"&#8216;Hackeada&#8217; la cuenta de Twitter del Ministerio franc\u00e9s de Asuntos Exteriores"},"content":{"rendered":"<p>La cuenta de Twitter del Ministerio franc\u00e9s de Asuntos Exteriores fue &#8216;hackeada&#8217; y <strong>utilizada para insultar a los rumanos y a la Uni\u00f3n Europea<\/strong>, seg\u00fan informa el Ministerio <a href=\"http:\/\/twitter.com\/francediplo\/status\/24686803861\" target=\"_blank\">en la propia cuenta<\/a>.<!--more--><\/p>\n<p>El &#8216;hacker&#8217; utiliz\u00f3 la cuenta <a href=\"http:\/\/twitter.com\/francediplo\" target=\"_blank\">@francediplo<\/a> para difundir un mensaje ofensivo contra los rumanos y una amenaza hacia la Uni\u00f3n Europea. El &#8216;tweet&#8217;, publicado en ingl\u00e9s, <strong>ya ha sido eliminado<\/strong>.<\/p>\n<p>Seg\u00fan el departamento de comunicaci\u00f3n del Ministerio, <strong>se ha abierto una investigaci\u00f3n para encontrar el origen de este ataque<\/strong> y hay un debate en curso para fortalecer la seguridad de las cuentas de Internet del Ministerio.<\/p>\n<p>El gobierno de Sarkozy comenz\u00f3 en agosto a desmantelar campamentos ilegales y a <a href=\"http:\/\/www.elmundo.es\/elmundo\/2010\/08\/27\/internacional\/1282907456.html\">deportar<\/a> a sus habitantes a Ruman\u00eda.<\/p>\n<div class=\"sharedaddy sd-sharing-enabled\"><div class=\"robots-nocontent sd-block sd-social sd-social-icon-text sd-sharing\"><h3 class=\"sd-title\">Comparte esto:<\/h3><div class=\"sd-content\"><ul><li class=\"share-facebook\"><a rel=\"nofollow noopener noreferrer\" data-shared=\"sharing-facebook-211\" class=\"share-facebook sd-button share-icon\" href=\"https:\/\/www.kwell.net\/kwell_blog\/?p=211&amp;share=facebook\" target=\"_blank\" title=\"Haz clic para compartir en Facebook\" ><span>Facebook<\/span><\/a><\/li><li class=\"share-twitter\"><a rel=\"nofollow noopener noreferrer\" data-shared=\"sharing-twitter-211\" class=\"share-twitter sd-button share-icon\" href=\"https:\/\/www.kwell.net\/kwell_blog\/?p=211&amp;share=twitter\" target=\"_blank\" title=\"Haz clic para compartir en Twitter\" ><span>Twitter<\/span><\/a><\/li><li class=\"share-email\"><a rel=\"nofollow noopener noreferrer\" data-shared=\"\" class=\"share-email sd-button share-icon\" href=\"mailto:?subject=%5BEntrada%20compartida%5D%20%27Hackeada%27%20la%20cuenta%20de%20Twitter%20del%20Ministerio%20franc%C3%A9s%20de%20Asuntos%20Exteriores&body=https%3A%2F%2Fwww.kwell.net%2Fkwell_blog%2F%3Fp%3D211&share=email\" target=\"_blank\" title=\"Haz clic para enviar un enlace por correo electr\u00f3nico a un amigo\" data-email-share-error-title=\"\u00bfTienes un correo electr\u00f3nico configurado?\" data-email-share-error-text=\"Si tienes problemas al compartir por correo electr\u00f3nico, es posible que sea porque no tengas un correo electr\u00f3nico configurado en tu navegador. Puede que tengas que crear un nuevo correo electr\u00f3nico t\u00fa mismo.\" data-email-share-nonce=\"da45642275\" data-email-share-track-url=\"https:\/\/www.kwell.net\/kwell_blog\/?p=211&amp;share=email\"><span>Correo electr\u00f3nico<\/span><\/a><\/li><li class=\"share-jetpack-whatsapp\"><a rel=\"nofollow noopener noreferrer\" data-shared=\"\" class=\"share-jetpack-whatsapp sd-button share-icon\" href=\"https:\/\/www.kwell.net\/kwell_blog\/?p=211&amp;share=jetpack-whatsapp\" target=\"_blank\" title=\"Haz clic para compartir en WhatsApp\" ><span>WhatsApp<\/span><\/a><\/li><li class=\"share-skype\"><a rel=\"nofollow noopener noreferrer\" data-shared=\"sharing-skype-211\" class=\"share-skype sd-button share-icon\" href=\"https:\/\/www.kwell.net\/kwell_blog\/?p=211&amp;share=skype\" target=\"_blank\" title=\"Haz clic para compartir en Skype\" ><span>Skype<\/span><\/a><\/li><li class=\"share-print\"><a rel=\"nofollow noopener noreferrer\" data-shared=\"\" class=\"share-print sd-button share-icon\" href=\"https:\/\/www.kwell.net\/kwell_blog\/?p=211\" target=\"_blank\" title=\"Haz clic para imprimir\" ><span>Imprimir<\/span><\/a><\/li><li class=\"share-linkedin\"><a rel=\"nofollow noopener noreferrer\" data-shared=\"sharing-linkedin-211\" class=\"share-linkedin sd-button share-icon\" href=\"https:\/\/www.kwell.net\/kwell_blog\/?p=211&amp;share=linkedin\" target=\"_blank\" title=\"Haz clic para compartir en LinkedIn\" ><span>LinkedIn<\/span><\/a><\/li><li class=\"share-end\"><\/li><\/ul><\/div><\/div><\/div>","protected":false},"excerpt":{"rendered":"<p>La cuenta de Twitter del Ministerio franc\u00e9s de Asuntos Exteriores fue &#8216;hackeada&#8217; y utilizada para insultar a los rumanos y a la Uni\u00f3n Europea, seg\u00fan informa el Ministerio en la propia cuenta.<\/p>\n<div class=\"sharedaddy sd-sharing-enabled\"><div class=\"robots-nocontent sd-block sd-social sd-social-icon-text sd-sharing\"><h3 class=\"sd-title\">Comparte esto:<\/h3><div class=\"sd-content\"><ul><li class=\"share-facebook\"><a rel=\"nofollow noopener noreferrer\" data-shared=\"sharing-facebook-211\" class=\"share-facebook sd-button share-icon\" href=\"https:\/\/www.kwell.net\/kwell_blog\/?p=211&amp;share=facebook\" target=\"_blank\" title=\"Haz clic para compartir en Facebook\" ><span>Facebook<\/span><\/a><\/li><li class=\"share-twitter\"><a rel=\"nofollow noopener noreferrer\" data-shared=\"sharing-twitter-211\" class=\"share-twitter sd-button share-icon\" href=\"https:\/\/www.kwell.net\/kwell_blog\/?p=211&amp;share=twitter\" target=\"_blank\" title=\"Haz clic para compartir en Twitter\" ><span>Twitter<\/span><\/a><\/li><li class=\"share-email\"><a rel=\"nofollow noopener noreferrer\" data-shared=\"\" class=\"share-email sd-button share-icon\" href=\"mailto:?subject=%5BEntrada%20compartida%5D%20%27Hackeada%27%20la%20cuenta%20de%20Twitter%20del%20Ministerio%20franc%C3%A9s%20de%20Asuntos%20Exteriores&body=https%3A%2F%2Fwww.kwell.net%2Fkwell_blog%2F%3Fp%3D211&share=email\" target=\"_blank\" title=\"Haz clic para enviar un enlace por correo electr\u00f3nico a un amigo\" data-email-share-error-title=\"\u00bfTienes un correo electr\u00f3nico configurado?\" data-email-share-error-text=\"Si tienes problemas al compartir por correo electr\u00f3nico, es posible que sea porque no tengas un correo electr\u00f3nico configurado en tu navegador. Puede que tengas que crear un nuevo correo electr\u00f3nico t\u00fa mismo.\" data-email-share-nonce=\"da45642275\" data-email-share-track-url=\"https:\/\/www.kwell.net\/kwell_blog\/?p=211&amp;share=email\"><span>Correo electr\u00f3nico<\/span><\/a><\/li><li class=\"share-jetpack-whatsapp\"><a rel=\"nofollow noopener noreferrer\" data-shared=\"\" class=\"share-jetpack-whatsapp sd-button share-icon\" href=\"https:\/\/www.kwell.net\/kwell_blog\/?p=211&amp;share=jetpack-whatsapp\" target=\"_blank\" title=\"Haz clic para compartir en WhatsApp\" ><span>WhatsApp<\/span><\/a><\/li><li class=\"share-skype\"><a rel=\"nofollow noopener noreferrer\" data-shared=\"sharing-skype-211\" class=\"share-skype sd-button share-icon\" href=\"https:\/\/www.kwell.net\/kwell_blog\/?p=211&amp;share=skype\" target=\"_blank\" title=\"Haz clic para compartir en Skype\" ><span>Skype<\/span><\/a><\/li><li class=\"share-print\"><a rel=\"nofollow noopener noreferrer\" data-shared=\"\" class=\"share-print sd-button share-icon\" href=\"https:\/\/www.kwell.net\/kwell_blog\/?p=211\" target=\"_blank\" title=\"Haz clic para imprimir\" ><span>Imprimir<\/span><\/a><\/li><li class=\"share-linkedin\"><a rel=\"nofollow noopener noreferrer\" data-shared=\"sharing-linkedin-211\" class=\"share-linkedin sd-button share-icon\" href=\"https:\/\/www.kwell.net\/kwell_blog\/?p=211&amp;share=linkedin\" target=\"_blank\" title=\"Haz clic para compartir en LinkedIn\" ><span>LinkedIn<\/span><\/a><\/li><li class=\"share-end\"><\/li><\/ul><\/div><\/div><\/div>","protected":false},"author":1,"featured_media":0,"comment_status":"open","ping_status":"open","sticky":false,"template":"","format":"standard","meta":{"jetpack_post_was_ever_published":false,"jetpack_publicize_message":"","jetpack_is_tweetstorm":false,"jetpack_publicize_feature_enabled":true},"categories":[1],"tags":[19,16,11],"jetpack_publicize_connections":[],"jetpack_featured_media_url":"","jetpack_sharing_enabled":true,"_links":{"self":[{"href":"https:\/\/www.kwell.net\/kwell_blog\/index.php?rest_route=\/wp\/v2\/posts\/211"}],"collection":[{"href":"https:\/\/www.kwell.net\/kwell_blog\/index.php?rest_route=\/wp\/v2\/posts"}],"about":[{"href":"https:\/\/www.kwell.net\/kwell_blog\/index.php?rest_route=\/wp\/v2\/types\/post"}],"author":[{"embeddable":true,"href":"https:\/\/www.kwell.net\/kwell_blog\/index.php?rest_route=\/wp\/v2\/users\/1"}],"replies":[{"embeddable":true,"href":"https:\/\/www.kwell.net\/kwell_blog\/index.php?rest_route=%2Fwp%2Fv2%2Fcomments&post=211"}],"version-history":[{"count":3,"href":"https:\/\/www.kwell.net\/kwell_blog\/index.php?rest_route=\/wp\/v2\/posts\/211\/revisions"}],"predecessor-version":[{"id":213,"href":"https:\/\/www.kwell.net\/kwell_blog\/index.php?rest_route=\/wp\/v2\/posts\/211\/revisions\/213"}],"wp:attachment":[{"href":"https:\/\/www.kwell.net\/kwell_blog\/index.php?rest_route=%2Fwp%2Fv2%2Fmedia&parent=211"}],"wp:term":[{"taxonomy":"category","embeddable":true,"href":"https:\/\/www.kwell.net\/kwell_blog\/index.php?rest_route=%2Fwp%2Fv2%2Fcategories&post=211"},{"taxonomy":"post_tag","embeddable":true,"href":"https:\/\/www.kwell.net\/kwell_blog\/index.php?rest_route=%2Fwp%2Fv2%2Ftags&post=211"}],"curies":[{"name":"wp","href":"https:\/\/api.w.org\/{rel}","templated":true}]}}